{"id":58,"date":"2024-01-04T14:10:57","date_gmt":"2024-01-04T13:10:57","guid":{"rendered":"https:\/\/weg-von-windows.ch\/?p=58"},"modified":"2025-05-18T14:26:05","modified_gmt":"2025-05-18T12:26:05","slug":"windows-wir-sind-bedient-it-kompetenz","status":"publish","type":"post","link":"https:\/\/weg-von-windows.ch\/index.php\/windows-wir-sind-bedient-it-kompetenz\/","title":{"rendered":"40 Jahre IT-Kompetenz"},"content":{"rendered":"<p><span style=\"font-family: helvetica, arial, sans-serif;\"><strong>Kurzportrait<\/strong><\/span><\/p>\n<p><span style=\"font-family: helvetica, arial, sans-serif;\">Seit 1984 f\u00fcr Sie da.<\/span><\/p>\n<p><span style=\"font-family: helvetica, arial, sans-serif;\">Die EDV LEHMANN bietet seit \u00fcber 40 Jahren umfangreiche IT-Dienstleistungen f\u00fcr Privat- und Gesch\u00e4ftskunden an. Unser Ziel ist es, rasch und kosteng\u00fcnstig IT-L\u00f6sungen zu finden, welche individuell auf Ihre Bed\u00fcrfnisse abgestimmt sind und Sie beim Betrieb und der Wartung zu unterst\u00fctzen. Der Schutz der Privatsph\u00e4re und wichtiger Gesch\u00e4ftsdaten unserer Gesch\u00e4fts- und Privatkunden, wird bei uns gross geschrieben!\u00a0<\/span><\/p>\n<p><span style=\"font-family: helvetica, arial, sans-serif;\">Wir begleiten Sie von der Beratung \u00fcber den Verkauf bis zur Installation und Wartung Ihrer IT. Auch nach dem Kauf sind wir Ihr Ansprechpartner f\u00fcr Ihre IT-Fragen. Die Planung und Realisierung von Windows-Netzwerken, das Hosting Ihrer Website und Groupware-L\u00f6sung sowie das Angebot eines Online-Backups geh\u00f6ren zu unseren Kernkompetenzen.<\/span><\/p>\n<p><span style=\"font-family: helvetica, arial, sans-serif;\">Individuell auf Ihre Bed\u00fcrfnisse programmierte Web-Applikationen und unsere langj\u00e4hrige Erfahrung im Webdesign erg\u00e4nzen unser T\u00e4tigkeitsgebiet.<\/span><\/p>\n<p><span style=\"font-family: helvetica, arial, sans-serif;\">EDV LEHMANN wurde 1984 als Abteilung der TV LEHMANN AG Sch\u00f6nenwerd gegr\u00fcndet und zog bereits ein Jahr sp\u00e4ter die Lokalit\u00e4ten des Hotels Storchen mit Verkaufsladen, Werkstatt und B\u00fcro. Im Jahre 1999 wurde die EDV LEHMANN GmbH als eigenst\u00e4ndige Firma gegr\u00fcndet und aus der TV LEHMANN AG herausgel\u00f6st.<\/span><\/p>\n<p><span style=\"font-family: helvetica, arial, sans-serif;\">Unser Gesamtportrait siehe <a href=\"https:\/\/weg-von-windows.ch\/index.php\/ueber-uns\/\">HIER<\/a>\u00a0<\/span><\/p>\n<p><span style=\"font-family: helvetica, arial, sans-serif;\">&#8230; und zu unseren Dienstleistungen und Produkten <a href=\"https:\/\/weg-von-windows.ch\/index.php\/produkte-dienstleistungen\/\">HIER<\/a><\/span><\/p>\n","protected":false},"excerpt":{"rendered":"<p>Kurzportrait Seit 1984 f\u00fcr Sie da. Die EDV LEHMANN bietet seit \u00fcber 40 Jahren umfangreiche IT-Dienstleistungen f\u00fcr Privat- und Gesch\u00e4ftskunden an. Unser Ziel ist es, rasch und kosteng\u00fcnstig IT-L\u00f6sungen zu finden, welche individuell auf Ihre Bed\u00fcrfnisse abgestimmt sind und Sie beim Betrieb und der Wartung zu unterst\u00fctzen. Der Schutz der Privatsph\u00e4re und wichtiger Gesch\u00e4ftsdaten unserer [&hellip;]<\/p>\n","protected":false},"author":1,"featured_media":117,"comment_status":"open","ping_status":"open","sticky":false,"template":"","format":"standard","meta":{"_jetpack_memberships_contains_paid_content":false,"footnotes":""},"categories":[13,32,31,33,12,43,44,9,15,81,34,16,80,17,14,18,8,10,11],"tags":[58,65,35,61,67,60,36,57,37,21,27,63,62,59,38,19,66,64],"class_list":["post-58","post","type-post","status-publish","format-standard","has-post-thumbnail","hentry","category-debian","category-expertise","category-it-kompetenz","category-kmu","category-linux","category-microsoft-servicesagreement","category-microsoft-servicevertrag","category-microsoft-windows","category-mint","category-mobiltelefon","category-privatkundschaft","category-privatsphaere","category-privatsphaere-2","category-sicherheit","category-ubuntu","category-verschluesselung","category-windows","category-windows-10","category-windows-11","tag-40-jahre","tag-all-in-one","tag-expertise","tag-handel","tag-hardware","tag-it","tag-it-kompetenz","tag-jubilaeum","tag-kmu","tag-linux","tag-microsoft-windows","tag-notebook","tag-pc","tag-pc-bau","tag-privatkundschaft","tag-privatsphaere","tag-software","tag-tablet"],"jetpack_featured_media_url":"https:\/\/weg-von-windows.ch\/wp-content\/uploads\/2024\/01\/Windoes-linux-debian-mint-ubuntu.jpg","jetpack_sharing_enabled":true,"_links":{"self":[{"href":"https:\/\/weg-von-windows.ch\/index.php\/wp-json\/wp\/v2\/posts\/58","targetHints":{"allow":["GET"]}}],"collection":[{"href":"https:\/\/weg-von-windows.ch\/index.php\/wp-json\/wp\/v2\/posts"}],"about":[{"href":"https:\/\/weg-von-windows.ch\/index.php\/wp-json\/wp\/v2\/types\/post"}],"author":[{"embeddable":true,"href":"https:\/\/weg-von-windows.ch\/index.php\/wp-json\/wp\/v2\/users\/1"}],"replies":[{"embeddable":true,"href":"https:\/\/weg-von-windows.ch\/index.php\/wp-json\/wp\/v2\/comments?post=58"}],"version-history":[{"count":10,"href":"https:\/\/weg-von-windows.ch\/index.php\/wp-json\/wp\/v2\/posts\/58\/revisions"}],"predecessor-version":[{"id":264,"href":"https:\/\/weg-von-windows.ch\/index.php\/wp-json\/wp\/v2\/posts\/58\/revisions\/264"}],"wp:featuredmedia":[{"embeddable":true,"href":"https:\/\/weg-von-windows.ch\/index.php\/wp-json\/wp\/v2\/media\/117"}],"wp:attachment":[{"href":"https:\/\/weg-von-windows.ch\/index.php\/wp-json\/wp\/v2\/media?parent=58"}],"wp:term":[{"taxonomy":"category","embeddable":true,"href":"https:\/\/weg-von-windows.ch\/index.php\/wp-json\/wp\/v2\/categories?post=58"},{"taxonomy":"post_tag","embeddable":true,"href":"https:\/\/weg-von-windows.ch\/index.php\/wp-json\/wp\/v2\/tags?post=58"}],"curies":[{"name":"wp","href":"https:\/\/api.w.org\/{rel}","templated":true}]}}