{"id":62,"date":"2024-01-04T14:20:02","date_gmt":"2024-01-04T13:20:02","guid":{"rendered":"https:\/\/weg-von-windows.ch\/?p=62"},"modified":"2025-02-25T12:51:25","modified_gmt":"2025-02-25T11:51:25","slug":"schutz-privatspaere","status":"publish","type":"post","link":"https:\/\/weg-von-windows.ch\/index.php\/schutz-privatspaere\/","title":{"rendered":"Wir sch\u00fctzen Deine Privatsph\u00e4re tats\u00e4chlich&#8230;"},"content":{"rendered":"<p><span style=\"font-family: helvetica, arial, sans-serif;\">Mit den kostenfreien LINUX-Bordmitteln, firewall, Virenschutz, sowie unserer v\u00f6llig risikolosen Konfiguration einer verschl\u00fcsselten Speicherplatte (SSD) und nicht zuletzt den von Haus aus stabilen und sicheren LINUX-Betriebssystemen bist Du schon auf der absolut sicheren Seite. Ohnehin gibt es kaum Viren f\u00fcr LINUX-Betriebssysteme und Du brauchst auch kein Expertenwissen so wie bei Microsoft Windows, wie Du Dein Endger\u00e4t sch\u00fctzt &#8230; <span style=\"text-decoration: underline;\">mit LINUX ist es einfach sicher!<\/span>\u00a0<\/span><\/p>\n<p><span style=\"font-family: helvetica, arial, sans-serif;\">Wir wissen was wir tun &#8230; 40 Jahre IT-Kompetenz!<\/span><span style=\"font-family: helvetica, arial, sans-serif;\">\u00a0 <\/span><a href=\"https:\/\/weg-von-windows.ch\/index.php\/windows-wir-sind-bedient-it-kompetenz\/\"><span style=\"font-family: helvetica, arial, sans-serif;\">Bitte lies hier weiter&#8230;<\/span><\/a><\/p>\n<h3><span style=\"font-family: helvetica, arial, sans-serif;\">So gef\u00e4hrlich sind Microsoft-Konten f\u00fcr Windows-Nutzer<\/span><\/h3>\n<p><span style=\"font-family: helvetica, arial, sans-serif;\">Schockierend: W\u00e4hrend der Tests f\u00fcr dieses Video wurde mein Microsoft Demo-Konto ohne Angaben von Gr\u00fcnden gesperrt! Dies und 5 weitere Risiken gehen Windows-Nutzer ein, wenn sie sich zu einem Microsoft (Cloud) Konto f\u00fcr ihren PC\/Laptop g\u00e4ngeln lassen. Alles was du dazu wissen solltest, zeigt dieser Beitrag des YouTube-Kanals <a href=\"https:\/\/www.youtube.com\/@ULabs\" target=\"_blank\" rel=\"noopener\">https:\/\/www.youtube.com\/@ULabs<\/a><\/span><\/p>\n<p><iframe loading=\"lazy\" title=\"YouTube video player\" src=\"https:\/\/www.youtube-nocookie.com\/embed\/sdI83D3TIk8?si=Yb8B9az44nWAeza_\" width=\"560\" height=\"315\" frameborder=\"0\" allowfullscreen=\"allowfullscreen\"><\/iframe><\/p>\n<h3 class=\"style-scope ytd-watch-metadata\"><span style=\"font-family: helvetica, arial, sans-serif;\">10 Mrd. PASSW\u00d6RTER GEHACKT! Was tun?<\/span><\/h3>\n<p><iframe loading=\"lazy\" title=\"YouTube video player\" src=\"https:\/\/www.youtube-nocookie.com\/embed\/Mzn88iZvHO4?si=W3IOcw-0RYuCp9g6\" width=\"560\" height=\"315\" frameborder=\"0\" allowfullscreen=\"allowfullscreen\"><\/iframe><\/p>\n<p><span style=\"font-family: helvetica, arial, sans-serif;\">10 Milliarden Paww\u00f6rter wurden gehackt und nicht nur das. Fast zeitgleich gibt es weltweit massive Systemausf\u00e4lle in B\u00f6rsen, Firmen, Flugh\u00e4fen, Krankenh\u00e4usern, etc. Die Welt wird immer digitaler und dardurch auch immer leichter zu kontrollieren\/durchleuchten.<\/span><\/p>\n<hr \/>\n<p><span style=\"font-family: helvetica, arial, sans-serif;\">Andreas Popp (Wissensmanufaktur) kl\u00e4rt in einem Interview mit einem IT-Experten auf, welche Eingriffe und Folgen die neuen Nutzungsbedingungen von Microsoft beinhalten.<\/span><span style=\"font-family: helvetica, arial, sans-serif;\">Daher wird es Zeit auf LINUX umzusteigen. Im folgenden Video wird DEBIAN empfohlen, das allerdings trotz und wegen seiner extremen Stabilit\u00e4t f\u00fcr den Endnutzer nicht nur alleine Vorteile bietet &#8211; daher gilt eine gesunde Abw\u00e4gung, aller Faktoren der Nutzung und die passende Auswahl eines LINUX-Derivats. <\/span><\/p>\n<h3 class=\"style-scope ytd-watch-metadata\"><span style=\"font-family: helvetica, arial, sans-serif;\">Laptop Zugang gesperrt! Totaler Kontrollverlust durch Microsofts neue Regeln?<\/span><\/h3>\n<p><span style=\"font-family: helvetica, arial, sans-serif;\">Geht es um einen Schlag gegen mehr als 1 Milliarde Menschen? Die Frage f\u00fcr eine Endzeit f\u00fcr Microsoft Nutzer f\u00fcllt den Raum f\u00fcr Diskussionen: Die unklare Formulierung, der am 30. September 2023 in Kraft tretenden Bedingungen erm\u00f6glicht dem Unternehmen einen breiten Spielraum in der Auslegung. Wer ab sofort sogenannte &#171;sch\u00e4dliche&#187; Inhalte, die andere &#171;bel\u00e4stigen, schikanieren oder bedrohen&#187; schreibt oder teilt, kann digital komplett f\u00fcr immer ausgel\u00f6scht und gesperrt werden. Zudem k\u00f6nnen alle erstellten Inhalte, im Grunde alles was auf dem Windows Bildschirm je erschienen ist, k\u00fcnftig ver\u00e4ndert und anderweitig von Microsoft verwendet werden. Damit sichert sich Microsoft au\u00dferdem die uneingeschr\u00e4nkten Rechte am geistigen Eigentum der Benutzer, inklusive deren \u00dcbertragung und Umformatierung. Im Interview spricht Andreas Popp von der Wissensmanufaktur mit Chris von PRVCY world \u00fcber diese Risiken und welche M\u00f6glichkeiten dem Einzelnen und Unternehmen bleiben, dieser Dauerkontrolle zu entgehen.<\/span><\/p>\n<p>&nbsp;<\/p>\n<p><iframe loading=\"lazy\" title=\"YouTube video player\" src=\"https:\/\/www.youtube-nocookie.com\/embed\/inRtXbrm5I8?si=ty6vzY23jBFj0jly\" width=\"560\" height=\"315\" frameborder=\"0\" allowfullscreen=\"allowfullscreen\"><\/iframe><br \/>\n<span style=\"font-family: helvetica, arial, sans-serif;\">Die EU will freie Entwicklungen behindern &#8230;<\/span><\/p>\n<h3><span style=\"font-family: helvetica, arial, sans-serif;\">Debians Bedenken gegen\u00fcber dem Cyber \u200b\u200bResilience Act<\/span><\/h3>\n<p><span style=\"font-family: helvetica, arial, sans-serif;\">(Quelle: <a href=\"https:\/\/linuxnews.de\/debians-bedenken-gegenueber-dem-cyber-resilience-act\/\" target=\"_blank\" rel=\"noopener\">https:\/\/linuxnews.de\/debians-bedenken-gegenueber-dem-cyber-resilience-act\/<\/a>)<\/span><\/p>\n<p><img loading=\"lazy\" decoding=\"async\" class=\"alignnone size-medium wp-image-248\" src=\"https:\/\/weg-von-windows.ch\/wp-content\/uploads\/2024\/01\/security1-deb-300x146.jpg\" alt=\"\" width=\"300\" height=\"146\" srcset=\"https:\/\/weg-von-windows.ch\/wp-content\/uploads\/2024\/01\/security1-deb-300x146.jpg 300w, https:\/\/weg-von-windows.ch\/wp-content\/uploads\/2024\/01\/security1-deb-768x375.jpg 768w, https:\/\/weg-von-windows.ch\/wp-content\/uploads\/2024\/01\/security1-deb.jpg 820w\" sizes=\"auto, (max-width: 300px) 100vw, 300px\" \/><\/p>\n<p><span style=\"font-family: helvetica, arial, sans-serif;\">Debian strebt eine offizielle Stellungnahme zum von der EU derzeit beratenen Cyber \u200b\u200bResilience Act (CRA) an. Dies soll in einer General Resolution (GR), dem Standard Beschluss-Verfahren bei Debian, geschehen. Der Vorschlag einer Erkl\u00e4rung, \u00fcber den die Entwickler abstimmen sollen, liegt nun vor. <a href=\"https:\/\/linuxnews.de\/debians-bedenken-gegenueber-dem-cyber-resilience-act\/\" target=\"_blank\" rel=\"noopener\">Bitte hier weiterlesen &#8230;<\/a><br \/>\n<\/span><\/p>\n","protected":false},"excerpt":{"rendered":"<p>Mit den kostenfreien LINUX-Bordmitteln, firewall, Virenschutz, sowie unserer v\u00f6llig risikolosen Konfiguration einer verschl\u00fcsselten Speicherplatte (SSD) und nicht zuletzt den von Haus aus stabilen und sicheren LINUX-Betriebssystemen bist Du schon auf der absolut sicheren Seite. Ohnehin gibt es kaum Viren f\u00fcr LINUX-Betriebssysteme und Du brauchst auch kein Expertenwissen so wie bei Microsoft Windows, wie Du Dein [&hellip;]<\/p>\n","protected":false},"author":1,"featured_media":116,"comment_status":"open","ping_status":"open","sticky":false,"template":"","format":"standard","meta":{"_jetpack_memberships_contains_paid_content":false,"footnotes":""},"categories":[12,16,80,17,18],"tags":[56,21,54,19,55,53,22,20,23],"class_list":["post-62","post","type-post","status-publish","format-standard","has-post-thumbnail","hentry","category-linux","category-privatsphaere","category-privatsphaere-2","category-sicherheit","category-verschluesselung","tag-geschuetzt","tag-linux","tag-privat","tag-privatsphaere","tag-schutz","tag-security","tag-sicherheit","tag-verschluesselt","tag-verschluesselung"],"jetpack_featured_media_url":"https:\/\/weg-von-windows.ch\/wp-content\/uploads\/2024\/01\/linux.jpg","jetpack_sharing_enabled":true,"_links":{"self":[{"href":"https:\/\/weg-von-windows.ch\/index.php\/wp-json\/wp\/v2\/posts\/62","targetHints":{"allow":["GET"]}}],"collection":[{"href":"https:\/\/weg-von-windows.ch\/index.php\/wp-json\/wp\/v2\/posts"}],"about":[{"href":"https:\/\/weg-von-windows.ch\/index.php\/wp-json\/wp\/v2\/types\/post"}],"author":[{"embeddable":true,"href":"https:\/\/weg-von-windows.ch\/index.php\/wp-json\/wp\/v2\/users\/1"}],"replies":[{"embeddable":true,"href":"https:\/\/weg-von-windows.ch\/index.php\/wp-json\/wp\/v2\/comments?post=62"}],"version-history":[{"count":15,"href":"https:\/\/weg-von-windows.ch\/index.php\/wp-json\/wp\/v2\/posts\/62\/revisions"}],"predecessor-version":[{"id":251,"href":"https:\/\/weg-von-windows.ch\/index.php\/wp-json\/wp\/v2\/posts\/62\/revisions\/251"}],"wp:featuredmedia":[{"embeddable":true,"href":"https:\/\/weg-von-windows.ch\/index.php\/wp-json\/wp\/v2\/media\/116"}],"wp:attachment":[{"href":"https:\/\/weg-von-windows.ch\/index.php\/wp-json\/wp\/v2\/media?parent=62"}],"wp:term":[{"taxonomy":"category","embeddable":true,"href":"https:\/\/weg-von-windows.ch\/index.php\/wp-json\/wp\/v2\/categories?post=62"},{"taxonomy":"post_tag","embeddable":true,"href":"https:\/\/weg-von-windows.ch\/index.php\/wp-json\/wp\/v2\/tags?post=62"}],"curies":[{"name":"wp","href":"https:\/\/api.w.org\/{rel}","templated":true}]}}